{"id":2355,"date":"2026-01-27T20:25:36","date_gmt":"2026-01-27T19:25:36","guid":{"rendered":"https:\/\/vereinigungskirche.at\/uca\/?p=2355"},"modified":"2026-01-27T20:28:37","modified_gmt":"2026-01-27T19:28:37","slug":"japan-opfer-fuer-die-nation","status":"publish","type":"post","link":"https:\/\/vereinigungskirche.at\/uca\/japan-opfer-fuer-die-nation\/","title":{"rendered":"Japan: &#8220;Opfer f\u00fcr die Nation&#8221;"},"content":{"rendered":"<p>Dies ist eine Zusammenfassung des soeben erschienenen Buches \u201eOpfer f\u00fcr die Nation\u201c der preisgekr\u00f6nten japanischen Journalistin Masumi Fukuda. Sie untersucht die systematische Verfolgung der Vereinigungskirche in Japan nach dem Attentat auf den ehemaligen Premierminister Shinzo Abe im Jahr 2022. Ausgehend von der Aufl\u00f6sungsverf\u00fcgung des Bezirksgerichts Tokio gegen die Familienf\u00f6deration f\u00fcr Weltfrieden und Vereinigung im Jahr 2025 argumentiert Fukuda, dass diese Entscheidung politisch und nicht juristisch motiviert war und von dem vorgefassten Ziel der Zerschlagung der Kirche getrieben wurde. Sie behauptet, dass Regierungsbeh\u00f6rden, Gerichte und gro\u00dfe Medienh\u00e4user gemeinsam agierten, rechtsstaatliche Verfahren missachteten, abweichende Meinungen unterdr\u00fcckten und den \u00f6ffentlichen Diskurs auf eine einseitige, feindselige Darstellung der Bewegung reduzierten.<\/p>\n<p>Lesen Sie hier die Zusammenfassung auf Deutsch:<\/p>\n<p><a href=\"http:\/\/vereinigungskirche.at\/uca\/wp-content\/uploads\/2026\/01\/Opfer-fuer-die-Nation-1-1.pdf\">Opfer f\u00fcr die Nation<\/a><\/p>\n<p>Auf Englisch:<\/p>\n<p><a href=\"http:\/\/vereinigungskirche.at\/uca\/wp-content\/uploads\/2026\/01\/For-nearly-four-years-1.pdf\">For nearly four years<\/a><\/p>\n<p>&nbsp;<\/p>\n","protected":false},"excerpt":{"rendered":"<p>Dies ist eine Zusammenfassung des soeben erschienenen Buches \u201eOpfer f\u00fcr die Nation\u201c der preisgekr\u00f6nten japanischen Journalistin Masumi Fukuda. Sie untersucht die systematische Verfolgung der Vereinigungskirche in Japan nach dem Attentat auf den ehemaligen Premierminister Shinzo Abe im Jahr 2022. Ausgehend von der Aufl\u00f6sungsverf\u00fcgung des Bezirksgerichts&#8230;<\/p>\n","protected":false},"author":3,"featured_media":2358,"comment_status":"closed","ping_status":"closed","sticky":false,"template":"","format":"standard","meta":{"footnotes":""},"categories":[42],"tags":[56,59],"class_list":["post-2355","post","type-post","status-publish","format-standard","has-post-thumbnail","hentry","category-presseraum","tag-religionsfreiheit","tag-religioese-verfolgung"],"_links":{"self":[{"href":"https:\/\/vereinigungskirche.at\/uca\/wp-json\/wp\/v2\/posts\/2355","targetHints":{"allow":["GET"]}}],"collection":[{"href":"https:\/\/vereinigungskirche.at\/uca\/wp-json\/wp\/v2\/posts"}],"about":[{"href":"https:\/\/vereinigungskirche.at\/uca\/wp-json\/wp\/v2\/types\/post"}],"author":[{"embeddable":true,"href":"https:\/\/vereinigungskirche.at\/uca\/wp-json\/wp\/v2\/users\/3"}],"replies":[{"embeddable":true,"href":"https:\/\/vereinigungskirche.at\/uca\/wp-json\/wp\/v2\/comments?post=2355"}],"version-history":[{"count":3,"href":"https:\/\/vereinigungskirche.at\/uca\/wp-json\/wp\/v2\/posts\/2355\/revisions"}],"predecessor-version":[{"id":2363,"href":"https:\/\/vereinigungskirche.at\/uca\/wp-json\/wp\/v2\/posts\/2355\/revisions\/2363"}],"wp:featuredmedia":[{"embeddable":true,"href":"https:\/\/vereinigungskirche.at\/uca\/wp-json\/wp\/v2\/media\/2358"}],"wp:attachment":[{"href":"https:\/\/vereinigungskirche.at\/uca\/wp-json\/wp\/v2\/media?parent=2355"}],"wp:term":[{"taxonomy":"category","embeddable":true,"href":"https:\/\/vereinigungskirche.at\/uca\/wp-json\/wp\/v2\/categories?post=2355"},{"taxonomy":"post_tag","embeddable":true,"href":"https:\/\/vereinigungskirche.at\/uca\/wp-json\/wp\/v2\/tags?post=2355"}],"curies":[{"name":"wp","href":"https:\/\/api.w.org\/{rel}","templated":true}]}}