{"id":1122,"date":"2019-11-16T11:22:57","date_gmt":"2019-11-16T10:22:57","guid":{"rendered":"https:\/\/vereinigungskirche.at\/?p=1122"},"modified":"2019-12-02T01:59:46","modified_gmt":"2019-12-02T00:59:46","slug":"apokalyptisches-denken","status":"publish","type":"post","link":"https:\/\/vereinigungskirche.at\/uca\/apokalyptisches-denken\/","title":{"rendered":"X. Apokalyptisches Denken"},"content":{"rendered":"<p>Nach dem Ersten und mehr noch nach dem Zweiten Weltkrieg erfuhr die Christenheit eine Wiederbelebung des apokalyptischen Denkens und der eschatologischen Hoffnung. Die Vereinigungstheologie fordert die Christen heraus, sich auf die Wiederkunft Christi vorzubereiten. Wir wiederholen die Botschaft Jesu: <em>\u201eTut Bu\u00dfe, das Himmelreich ist nahe herbeigekommen!\u201c<\/em><\/p>\n<p>Man braucht nicht besonders hervorzuheben, dass es zahlreiche Kritiken an der Ank\u00fcndigung der <em>\u201eG\u00f6ttlichen Prinzipien\u201c<\/em> von der unmittelbar bevorstehenden Ankunft des Messias gegeben hat.<\/p>\n<p>Diese Kritik kam von den Fundamentalisten, die sagen, wir leugneten ab, dass Jesus schon das Werk der Erl\u00f6sung vollbracht hat. Kritik kommt auch von den Kirchenleuten, die glauben, dass das Reich schon verwirklicht sei in der sakramentalen Gnade, die durch den S\u00fchnetod Jesu Christi erm\u00f6glicht wurde. Und schlie\u00dflich kommt Kritik von denen, die ableugnen, dass wir Oberhaupt jemals das Kommen des Reiches Gottes erwarten k\u00f6nnen.<\/p>\n<p>Viele hingebungsvolle Christen scheinen sich jedoch zu erregen. Sie empfinden, dass wir, weil wir f\u00fcr den Messias, der kommen soll, beten und arbeiten, das Werk von Jesus von Nazareth herabsetzen. Dies bestreiten wir. Wie k\u00f6nnte man die zahlreichen Beitr\u00e4ge Jesu zur geistigen Bereicherung der Menschheit \u00fcbersehen?<\/p>\n<p>Wenn Sie in die Kirchengeschichte zur\u00fcckblicken, werden sie entdecken, dass nahezu jeder Gr\u00fcnder einer neuen Bewegung im Christentum als Antichrist denunziert wurde. Untersuchen Sie jedoch die Standard-Kommentare der Gelehrten zum Buch der Offenbarung, dann werden Sie finden, dass j\u00fcdische und christliche apokalyptische Literatur den Antichrist als unterdr\u00fcckerische, politische Macht identifiziert, die versucht, den Thron Gottes an sich zu rei\u00dfen. Die j\u00fcdische Apokalyptik lehrt, dass <em>\u201eder Gr\u00e4uel des Elends\u201c<\/em> (\u201ethe abomination of desolation\u201c) jemand sein wird wie der Eroberer Antiochus Epiphanes, der den Tempel entw\u00fcrdigte und ein Schwein auf dem Altar des Berges Zion opferte. Dagegen identifizieren die christlichen Apokalypsen den Antichrist mit r\u00f6mischen Imperatoren wie Nero, Caligula oder Domitian, die die Heiligen verfolgten und beanspruchten, selbst ein Gott zu sein.<\/p>\n<p><a href=\"https:\/\/vereinigungskirche.at\/identifizierung-des-antichristen\/\">Weiter zum Kapitel XI Identifizierung des Antichristen<\/a><\/p>\n","protected":false},"excerpt":{"rendered":"<p>Nach dem Ersten und mehr noch nach dem Zweiten Weltkrieg erfuhr die Christenheit eine Wiederbelebung des apokalyptischen Denkens und der eschatologischen Hoffnung. Die Vereinigungstheologie fordert die Christen heraus, sich auf die Wiederkunft Christi vorzubereiten. Wir wiederholen die Botschaft Jesu: \u201eTut Bu\u00dfe, das Himmelreich ist nahe&#8230;<\/p>\n","protected":false},"author":3,"featured_media":1356,"comment_status":"closed","ping_status":"closed","sticky":false,"template":"","format":"standard","meta":{"footnotes":""},"categories":[49],"tags":[],"class_list":["post-1122","post","type-post","status-publish","format-standard","has-post-thumbnail","hentry","category-einfuhrung-in-die-vereinigungstheologie"],"_links":{"self":[{"href":"https:\/\/vereinigungskirche.at\/uca\/wp-json\/wp\/v2\/posts\/1122","targetHints":{"allow":["GET"]}}],"collection":[{"href":"https:\/\/vereinigungskirche.at\/uca\/wp-json\/wp\/v2\/posts"}],"about":[{"href":"https:\/\/vereinigungskirche.at\/uca\/wp-json\/wp\/v2\/types\/post"}],"author":[{"embeddable":true,"href":"https:\/\/vereinigungskirche.at\/uca\/wp-json\/wp\/v2\/users\/3"}],"replies":[{"embeddable":true,"href":"https:\/\/vereinigungskirche.at\/uca\/wp-json\/wp\/v2\/comments?post=1122"}],"version-history":[{"count":0,"href":"https:\/\/vereinigungskirche.at\/uca\/wp-json\/wp\/v2\/posts\/1122\/revisions"}],"wp:featuredmedia":[{"embeddable":true,"href":"https:\/\/vereinigungskirche.at\/uca\/wp-json\/wp\/v2\/media\/1356"}],"wp:attachment":[{"href":"https:\/\/vereinigungskirche.at\/uca\/wp-json\/wp\/v2\/media?parent=1122"}],"wp:term":[{"taxonomy":"category","embeddable":true,"href":"https:\/\/vereinigungskirche.at\/uca\/wp-json\/wp\/v2\/categories?post=1122"},{"taxonomy":"post_tag","embeddable":true,"href":"https:\/\/vereinigungskirche.at\/uca\/wp-json\/wp\/v2\/tags?post=1122"}],"curies":[{"name":"wp","href":"https:\/\/api.w.org\/{rel}","templated":true}]}}