{"id":1119,"date":"2019-11-16T12:26:55","date_gmt":"2019-11-16T11:26:55","guid":{"rendered":"https:\/\/vereinigungskirche.at\/?p=1119"},"modified":"2019-12-02T01:58:46","modified_gmt":"2019-12-02T00:58:46","slug":"der-historische-jesus","status":"publish","type":"post","link":"https:\/\/vereinigungskirche.at\/uca\/der-historische-jesus\/","title":{"rendered":"IX. Der historische Jesus"},"content":{"rendered":"<p>Mehr als eineinhalb Jahrhunderte waren die neu testamentlichen Gelehrten auf der Suche nach dem historischen Jesus. In dieser Periode war es da Hauptanliegen, das <em>\u201eMenschsein des Meisters\u201c<\/em> aufzudecken (um den Ausdruck von Dr. Harry Emerson Fosdick zu gebrauchen). In unserer Zeit waren einige der hilfreichsten Studien auf diesem die B\u00fccher \u00fcber die Beziehung Jesu zu dem prophetischen Judaismus, \u00fcber seine Beziehung zu den sekten\u00e4hnlichen j\u00fcdischen Bewegungen, wie sie von der Gemeinde am Toten Meer repr\u00e4sentiert werden, und \u00fcber seine Beziehung zu den zelotischen Freiheitsk\u00e4mpfern. All diese Gruppen entsprangen, wen auch in den verschiedensten Formen, dem apokalyptischen und eschatologischen Milieu im Pal\u00e4stina des 1. Jahrhunderts. Man mag \u00fcber die Details streiten, doch die Forschung nach dem historischen Jesus bedeutet, dass er ein Mann war, dessen messianische Rolle die Errichtung des Reiches Gottes auf Erden einschloss.<\/p>\n<p>Auf was bezieht sich dann die Rolle des Messias? Sie bezieht sich darauf, die Macht Satans auf Erden zu brechen. Sie bezieht sich darauf, den Menschen von satanischer Kontrolle zu befreien. Sie bezieht sich darauf, das Reich des Dunkels zu verbannen und unsere Welt mit g\u00f6ttlichem Licht zu erhellen. Um einen traditionellen katholischen Ausdruck zu gebrauchen (der auch einmal im protestantischen Bereich \u00fcblich war), Reich Gottes hei\u00dft: \u201eChristus Rex\u201c (Christus, der K\u00f6nig) und \u201eChristus Victor\u201c (Christus, der Sieger).<\/p>\n<p>Wenn das die Rolle des Messias ist, f\u00fcr Juden, f\u00fcr die J\u00fcnger und f\u00fcr Jesus, dann ist offensichtlich, dass Jesus starb, bevor diese Mission erf\u00fcllt werden konnte. F\u00fcr die Juden war Jesus nicht der Messias, weil er nicht das messianische Zeitalter herbeibrachte. Auch f\u00fcr orthodoxe Christen hat Jesus das Reich Gottes nicht zu Lebzeiten eingeleitet, sondern sein irdisches Leben war nur ein Vorgeschmack des messianischen Zeitalters, das, wie sie sagen, in der Zukunft kommen soll. Wir haben nicht die Zeit, zu zeigen, was aus der Stimmung eschatologischer Erwartung, die die Christenheit des Neuen Testamentes charakterisierte, geworden ist. Der Basler Martin Werner hat in diesem Zusammenhang eine aufschlussreiche Studie verfasst, die zeigt, wie die <em>\u201eEntstehung des christlichen Dogmas\u201c<\/em> eigentlich Geschichte einer graduellen De-Eschatologisierung der urspr\u00fcnglichen Botschaft Christi ist.<\/p>\n<p><a href=\"https:\/\/vereinigungskirche.at\/apokalyptisches-denken\/\">Weiter zum Kapitel X Apokalyptisches Denken<\/a><\/p>\n","protected":false},"excerpt":{"rendered":"<p>Mehr als eineinhalb Jahrhunderte waren die neu testamentlichen Gelehrten auf der Suche nach dem historischen Jesus. In dieser Periode war es da Hauptanliegen, das \u201eMenschsein des Meisters\u201c aufzudecken (um den Ausdruck von Dr. Harry Emerson Fosdick zu gebrauchen). In unserer Zeit waren einige der hilfreichsten&#8230;<\/p>\n","protected":false},"author":3,"featured_media":1357,"comment_status":"closed","ping_status":"closed","sticky":false,"template":"","format":"standard","meta":{"footnotes":""},"categories":[49],"tags":[],"class_list":["post-1119","post","type-post","status-publish","format-standard","has-post-thumbnail","hentry","category-einfuhrung-in-die-vereinigungstheologie"],"_links":{"self":[{"href":"https:\/\/vereinigungskirche.at\/uca\/wp-json\/wp\/v2\/posts\/1119","targetHints":{"allow":["GET"]}}],"collection":[{"href":"https:\/\/vereinigungskirche.at\/uca\/wp-json\/wp\/v2\/posts"}],"about":[{"href":"https:\/\/vereinigungskirche.at\/uca\/wp-json\/wp\/v2\/types\/post"}],"author":[{"embeddable":true,"href":"https:\/\/vereinigungskirche.at\/uca\/wp-json\/wp\/v2\/users\/3"}],"replies":[{"embeddable":true,"href":"https:\/\/vereinigungskirche.at\/uca\/wp-json\/wp\/v2\/comments?post=1119"}],"version-history":[{"count":0,"href":"https:\/\/vereinigungskirche.at\/uca\/wp-json\/wp\/v2\/posts\/1119\/revisions"}],"wp:featuredmedia":[{"embeddable":true,"href":"https:\/\/vereinigungskirche.at\/uca\/wp-json\/wp\/v2\/media\/1357"}],"wp:attachment":[{"href":"https:\/\/vereinigungskirche.at\/uca\/wp-json\/wp\/v2\/media?parent=1119"}],"wp:term":[{"taxonomy":"category","embeddable":true,"href":"https:\/\/vereinigungskirche.at\/uca\/wp-json\/wp\/v2\/categories?post=1119"},{"taxonomy":"post_tag","embeddable":true,"href":"https:\/\/vereinigungskirche.at\/uca\/wp-json\/wp\/v2\/tags?post=1119"}],"curies":[{"name":"wp","href":"https:\/\/api.w.org\/{rel}","templated":true}]}}